{"id":666,"date":"2019-11-28T13:04:42","date_gmt":"2019-11-28T12:04:42","guid":{"rendered":"http:\/\/www.federicobindi.org\/?p=666"},"modified":"2019-11-28T13:04:42","modified_gmt":"2019-11-28T12:04:42","slug":"apre-la-seconda-casa-federico-un-tetto-per-chi-non-ce-lha","status":"publish","type":"post","link":"https:\/\/www.federicobindi.org\/?p=666","title":{"rendered":"APRE LA SECONDA \u201cCASA FEDERICO\u201d:\u00a0UN TETTO PER CHI NON CE L\u2019HA"},"content":{"rendered":"<p><strong>La Fraternit\u00e0 Federico Bindi onlus inaugura sabato 30 novembre alle 11 il secondo co-housing, realizzato grazie al crowdfunding della Fondazione Il Cuore si scioglie e alla sezione soci di Arezzo<\/strong><\/p>\n<p>A quasi due anni dall\u2019apertura del primo co-housing, la Fraternit\u00e0 Federico Bindi onlus inaugura sabato 30 novembre alle 11 il secondo appartamento destinato a persone che momentaneamente o meno sono senza fissa dimora.<\/p>\n<p>\u201cCasa Federico 2\u201d \u00e8 un progetto che si \u00e8 potuto realizzare grazie alle donazioni di tantissime persone che hanno contribuito e hanno partecipato alle iniziative del crowdfunding della campagna Pensati con il cuore della Fondazione Il cuore si scioglie. Il progetto della seconda Casa Federico, infatti, \u00e8 uno degli oltre 60 obiettivi raggiunti dalla Fondazione che dal 2017 collabora con le associazioni sul territorio e, grazie all&#8217;impegno delle sezioni soci, ha coinvolto migliaia di persone in attivit\u00e0 e donazioni. Nel caso di Casa Federico 2 il progetto sostenuto dalla Fondazione era stato proposto da La Fraternit\u00e0 in collaborazione con la sezione soci di Arezzo e in quaranta giorni ha raggiunto oltre 9mila euro di donazioni, superando di gran lunga l&#8217;obiettivo base che \u00e8 stato raddoppiato dalla Fondazione per arrivare ad un totale di 16mila euro che hanno permesso l&#8217;apertura della seconda Casa Federico e la possibilit\u00e0 di svolgervi attivit\u00e0 per un periodo di qualche anno.<\/p>\n<p>L\u2019immobile, che ospiter\u00e0 persone senza fissa dimora e permetter\u00e0 loro di intraprendere un percorso di autonomia, \u00e8 stato messo a disposizione in affitto dal Seminario di Arezzo: si tratta di una struttura ampia, con 3 camere doppie, 2 bagni 1 grande cucina e 1 grande salone. L&#8217;appartamento si adatta molto bene alle esigenze dei coinquilini che si trovano a condividere vite adulte, ognuno con la sua particolare storia, e a vivere momenti comuni in uno stile che vuole ricreare calore e accoglienza familiare per chi la famiglia ce l\u2019ha lontana o non ce l\u2019ha pi\u00f9.<\/p>\n<p>La convivenza a Casa Federico al momento \u00e8 gi\u00e0 iniziata, gli ospiti sono 6: 2 donne e 4 uomini. Hanno partecipato anche loro alla risistemazione della casa e alla imbiancatura delle pareti: prendersi cura del posto dove si vive significa gi\u00e0 rispettarlo e custodirlo nel migliore dei modi sin da subito. Ognuno degli inquilini ha una sua storia di fragilit\u00e0, ma li accomuna la voglia di ricominciare e di impegnarsi per una vita quanto pi\u00f9 regolare possibile. Come La Fraternit\u00e0 sa gi\u00e0 dall\u2019esperienza del primo appartamento la convivenza non \u00e8 sempre facile, per questo le due responsabili del progetto, le volontarie Giovanna Raguso e Bruna Giovannini, passano quasi ogni giorno a \u201cCasa Federico 2\u201d per ascoltare, orientare, raccogliere ogni tipo di richiesta e problematica, condividono le belle notizie e cercano di essere di aiuto nei momenti di tensione.<\/p>\n<p>La Fraternit\u00e0 \u00e8 nata a seguito della scomparsa di Federico Bindi di cui ricorrono in questi giorni i 10 anni (25 novembre) su idea, progetto e forza di volont\u00e0 di Maria Grazia Sassi, la madre di Federico, oggi presidente onorario della Fraternit\u00e0. Tutti coloro che contribuiscono a vario titolo sono volontari e dedicano il loro tempo a questa realt\u00e0 in uno spirito di servizio verso chi ha bisogno di aiuto, in particolare verso chi si trova senza fissa dimora. Senza l\u2019aiuto appassionato di tutti i volontari \u2013 da chi fa i turni al centro diurno a chi svolge altre mansioni di tipo pi\u00f9 organizzativo e amministrativo \u2013 le attivit\u00e0 della Fraternit\u00e0 non sarebbero possibili.<\/p>\n<p>L\u2019apertura di Casa Federico 2, che verr\u00e0 ufficialmente presentata alla stampa e alla citt\u00e0 sabato prossimo alle 11, \u00e8 quindi una buona notizia per La Fraternit\u00e0 per tanti motivi: il primo \u00e8 naturalmente quello di poter rispondere, seppure ancora in piccolo, al bisogno di casa e di famiglia, che hanno diverse persone fragili che frequentano il centro di Via Chiassaia; ma \u00e8 una buona notizia anche essere riusciti a catalizzare energie, tempo e fondi di tante singole persone e di grandi enti nel segno di un progetto di solidariet\u00e0 che guarda agli ultimi.<\/p>\n<p>I ringraziamenti de La Fraternit\u00e0 per il traguardo raggiunto con Casa Federico 2 vanno alla Fondazione il cuore si scoglie, a Daniela Ceccarelli e a tutta la sezione soci Coop Arezzo, a Padre Raffaelle Menniti direttore del seminario, a Don Dino Liberatori, guida spirituale del percorso di co-housing e alle tante persone che sostengono la Fraternit\u00e0.<\/p>\n<p><em>\u201cSiamo felici che il progetto sia giunto al termine con successo e oggi possiamo gi\u00e0 apprezzarne i frutti. I quaranta giorni di raccolta sono stati occasione di incontro con la citt\u00e0 ed abbiamo avuto l\u2019opportunit\u00e0 di toccare con mano la generosit\u00e0 dei cittadini di Arezzo<\/em> &#8211; dice Daniela Ceccarelli<strong>,<\/strong> presidente sezione soci Coop Arezzo &#8211; <em>che hanno contribuito a sostenere il progetto e l\u2019idea che nessuno debba restare indietro. Con la seconda Casa Federico la comunit\u00e0 offre un&#8217;opportunit\u00e0 di inclusione e di autonomia a coloro che affrontano un periodo di difficolt\u00e0 e si ritrovano per strada\u201d. <\/em><\/p>\n<p><em>\u201cIl successo raggiunto a Arezzo conferma il valore di una iniziativa che mette al centro le persone e i progetti del territorio<\/em> &#8211; afferma Daniele Lanini, responsabile progetti crowdfunding della Fondazione \u2018Il Cuore si scioglie\u2019 &#8211; <em>il territorio ancora una volta ha dato una grande dimostrazione di solidariet\u00e0\u201d. <\/em><\/p>\n<p>Per informazioni su Casa Federico: 329\u00a01091069 &#8211; <a href=\"mailto:fraternita@federicobindi.org\">fraternita@federicobindi.org<\/a><\/p>\n<p>Responsabili di Casa Federico 2:\u00a0Bruna: 335 7761 790 &#8211;\u00a0Giovanna: 366 5937 012<\/p>\n","protected":false},"excerpt":{"rendered":"<p>La Fraternit\u00e0 Federico Bindi onlus inaugura sabato 30 novembre alle 11 il secondo co-housing, realizzato grazie al crowdfunding della Fondazione Il Cuore si scioglie e alla sezione soci di Arezzo A quasi due anni dall\u2019apertura del primo co-housing, la Fraternit\u00e0 &hellip; <a href=\"https:\/\/www.federicobindi.org\/?p=666\">Continua a leggere<span class=\"meta-nav\">&rarr;<\/span><\/a><\/p>\n","protected":false},"author":8,"featured_media":0,"comment_status":"closed","ping_status":"closed","sticky":false,"template":"","format":"standard","meta":{"jetpack_post_was_ever_published":false,"_jetpack_newsletter_access":"","_jetpack_dont_email_post_to_subs":false,"_jetpack_newsletter_tier_id":0,"_jetpack_memberships_contains_paywalled_content":false,"_jetpack_memberships_contains_paid_content":false,"footnotes":"","jetpack_publicize_message":"","jetpack_publicize_feature_enabled":true,"jetpack_social_post_already_shared":true,"jetpack_social_options":{"image_generator_settings":{"template":"highway","default_image_id":0,"font":"","enabled":false},"version":2}},"categories":[8],"tags":[],"class_list":["post-666","post","type-post","status-publish","format-standard","hentry","category-appuntamenti"],"jetpack_publicize_connections":[],"jetpack_featured_media_url":"","jetpack_sharing_enabled":true,"jetpack_shortlink":"https:\/\/wp.me\/p5o0KA-aK","_links":{"self":[{"href":"https:\/\/www.federicobindi.org\/index.php?rest_route=\/wp\/v2\/posts\/666","targetHints":{"allow":["GET"]}}],"collection":[{"href":"https:\/\/www.federicobindi.org\/index.php?rest_route=\/wp\/v2\/posts"}],"about":[{"href":"https:\/\/www.federicobindi.org\/index.php?rest_route=\/wp\/v2\/types\/post"}],"author":[{"embeddable":true,"href":"https:\/\/www.federicobindi.org\/index.php?rest_route=\/wp\/v2\/users\/8"}],"replies":[{"embeddable":true,"href":"https:\/\/www.federicobindi.org\/index.php?rest_route=%2Fwp%2Fv2%2Fcomments&post=666"}],"version-history":[{"count":1,"href":"https:\/\/www.federicobindi.org\/index.php?rest_route=\/wp\/v2\/posts\/666\/revisions"}],"predecessor-version":[{"id":667,"href":"https:\/\/www.federicobindi.org\/index.php?rest_route=\/wp\/v2\/posts\/666\/revisions\/667"}],"wp:attachment":[{"href":"https:\/\/www.federicobindi.org\/index.php?rest_route=%2Fwp%2Fv2%2Fmedia&parent=666"}],"wp:term":[{"taxonomy":"category","embeddable":true,"href":"https:\/\/www.federicobindi.org\/index.php?rest_route=%2Fwp%2Fv2%2Fcategories&post=666"},{"taxonomy":"post_tag","embeddable":true,"href":"https:\/\/www.federicobindi.org\/index.php?rest_route=%2Fwp%2Fv2%2Ftags&post=666"}],"curies":[{"name":"wp","href":"https:\/\/api.w.org\/{rel}","templated":true}]}}