{"id":649,"date":"2019-03-26T09:42:43","date_gmt":"2019-03-26T08:42:43","guid":{"rendered":"http:\/\/www.federicobindi.org\/?p=649"},"modified":"2019-03-26T09:48:38","modified_gmt":"2019-03-26T08:48:38","slug":"raccolta-fondi-straordinaria-per-casa-federico","status":"publish","type":"post","link":"https:\/\/www.federicobindi.org\/?p=649","title":{"rendered":"RACCOLTA FONDI STRAORDINARIA PER \u201cCASA FEDERICO\u201d"},"content":{"rendered":"<p><strong>Su Eppela, piattaforma di crowfunding, il progetto per l\u2019apertura del secondo appartamento<\/strong><\/p>\n<p>Fino al 3 maggio \u00e8 possibile aderire alla raccolta fondi straordinaria della Fraternit\u00e0 Federico Bindi onlus per l\u2019apertura di un secondo appartamento del co-housing \u201cCasa Federico\u201d, si partecipa su<a href=\"https:\/\/www.eppela.com\/it\/projects\/22993-casa-federico-una-nuova-accoglienza\"> www.eppela.com cercando il progetto &#8220;Casa Federico: un nuova accoglienza&#8221;.<\/a><\/p>\n<p style=\"text-align: center;\">\n<p style=\"text-align: center;\"><iframe loading=\"lazy\" src=\"https:\/\/www.youtube.com\/embed\/Zstjjf5dqbs\" width=\"560\" height=\"315\" frameborder=\"0\" allowfullscreen=\"allowfullscreen\"><\/iframe><\/p>\n<p style=\"text-align: left;\">Il co-housing \u00e8 un sogno che inizia due anni fa, quando, per aiutare alcuni ospiti del centro diurno per senzatetto che dormivano in stazione o in situazioni di fortuna, la Fraternit\u00e0 ha preso in affitto un appartamento per dare un tetto a queste persone.<\/p>\n<p style=\"text-align: left;\">Persone comuni che i casi della vita, una separazione, un momento di fragilit\u00e0, la perdita del lavoro, hanno spinto sulla strada.<\/p>\n<p style=\"text-align: left;\">Casa Federico in due anni ha permesso a tanti di ricostruire la propria vita, trovare un lavoro, recuperare fiducia in se stessi e ricominciare a vivere.<\/p>\n<p style=\"text-align: left;\">Adesso, grazie alla Fondazione &#8220;Il Cuore si scioglie&#8221; si \u00e8 aperta l\u2019opportunit\u00e0 di aprire un secondo appartamento condiviso per dare risposta ad altri, che potrebbero, cos\u00ec, uscire dalla marginalit\u00e0.<\/p>\n<p style=\"text-align: left;\">Ma la Fraternit\u00e0 da sola non ce la fa chiama a raccolta quanti condividono il progetto e la sua mission, infatti c\u2019\u00e8 bisogno del sostegno di molti.<\/p>\n<p style=\"text-align: left;\">Fino al 3 maggio ci si pu\u00f2 iscrivere alla piattaforma digitale di crowfunding Eppela e lasciare il proprio contributo: grazie alla partecipazione della Fondazione \u201cIl cuore si scioglie\u201d ogni somma sar\u00e0 raddoppiata.<\/p>\n<p style=\"text-align: left;\"><a href=\"https:\/\/i0.wp.com\/www.federicobindi.org\/wp-content\/uploads\/2019\/03\/immagine.jpeg\"><img data-recalc-dims=\"1\" loading=\"lazy\" decoding=\"async\" data-attachment-id=\"650\" data-permalink=\"https:\/\/www.federicobindi.org\/?attachment_id=650\" data-orig-file=\"https:\/\/i0.wp.com\/www.federicobindi.org\/wp-content\/uploads\/2019\/03\/immagine.jpeg?fit=1131%2C1600&amp;ssl=1\" data-orig-size=\"1131,1600\" data-comments-opened=\"0\" data-image-meta=\"{&quot;aperture&quot;:&quot;0&quot;,&quot;credit&quot;:&quot;&quot;,&quot;camera&quot;:&quot;&quot;,&quot;caption&quot;:&quot;&quot;,&quot;created_timestamp&quot;:&quot;0&quot;,&quot;copyright&quot;:&quot;&quot;,&quot;focal_length&quot;:&quot;0&quot;,&quot;iso&quot;:&quot;0&quot;,&quot;shutter_speed&quot;:&quot;0&quot;,&quot;title&quot;:&quot;&quot;,&quot;orientation&quot;:&quot;0&quot;}\" data-image-title=\"immagine\" data-image-description=\"\" data-image-caption=\"\" data-large-file=\"https:\/\/i0.wp.com\/www.federicobindi.org\/wp-content\/uploads\/2019\/03\/immagine.jpeg?fit=640%2C905&amp;ssl=1\" class=\"aligncenter size-medium wp-image-650\" src=\"https:\/\/i0.wp.com\/www.federicobindi.org\/wp-content\/uploads\/2019\/03\/immagine.jpeg?resize=212%2C300\" alt=\"\" width=\"212\" height=\"300\" srcset=\"https:\/\/i0.wp.com\/www.federicobindi.org\/wp-content\/uploads\/2019\/03\/immagine.jpeg?resize=212%2C300&amp;ssl=1 212w, https:\/\/i0.wp.com\/www.federicobindi.org\/wp-content\/uploads\/2019\/03\/immagine.jpeg?resize=768%2C1086&amp;ssl=1 768w, https:\/\/i0.wp.com\/www.federicobindi.org\/wp-content\/uploads\/2019\/03\/immagine.jpeg?resize=724%2C1024&amp;ssl=1 724w, https:\/\/i0.wp.com\/www.federicobindi.org\/wp-content\/uploads\/2019\/03\/immagine.jpeg?w=1131&amp;ssl=1 1131w\" sizes=\"auto, (max-width: 212px) 100vw, 212px\" \/><\/a><\/p>\n<p style=\"text-align: left;\">Si pu\u00f2 sostenere il progetto con qualsiasi offerta. Sono previste alcune forme di ringraziamento e ricompense particolari, come una cena a \u201cCasa Federico\u201d o un oggetto d\u2019arte realizzato dagli ospiti del centro diurno per senzatetto.<\/p>\n<p style=\"text-align: left;\">Si pu\u00f2 contribuire anche con un bonifico a intestato a: Fondazione \u201cIl Cuore si scioglie onlus\u201d Iban IT 21 Y \u202a01030 02800 \u202a000007168447 specificando nella causale \u201cCasa Federico: una nuova accoglienza\u201d.<\/p>\n<p style=\"text-align: left;\">Per saperne di pi\u00f9 o per un aiuto per fare la donazione si pu\u00f2 contattare telefonicamente Cristiano (347\/5955638) e Grazia (329\/1091069) oppure scrivere un\u2019e-mail a fraternita@federicobindi.org.<\/p>\n","protected":false},"excerpt":{"rendered":"<p>Su Eppela, piattaforma di crowfunding, il progetto per l\u2019apertura del secondo appartamento Fino al 3 maggio \u00e8 possibile aderire alla raccolta fondi straordinaria della Fraternit\u00e0 Federico Bindi onlus per l\u2019apertura di un secondo appartamento del co-housing \u201cCasa Federico\u201d, si partecipa &hellip; <a href=\"https:\/\/www.federicobindi.org\/?p=649\">Continua a leggere<span class=\"meta-nav\">&rarr;<\/span><\/a><\/p>\n","protected":false},"author":8,"featured_media":650,"comment_status":"closed","ping_status":"closed","sticky":false,"template":"","format":"standard","meta":{"jetpack_post_was_ever_published":false,"_jetpack_newsletter_access":"","_jetpack_dont_email_post_to_subs":false,"_jetpack_newsletter_tier_id":0,"_jetpack_memberships_contains_paywalled_content":false,"_jetpack_memberships_contains_paid_content":false,"footnotes":"","jetpack_publicize_message":"","jetpack_publicize_feature_enabled":true,"jetpack_social_post_already_shared":true,"jetpack_social_options":{"image_generator_settings":{"template":"highway","default_image_id":0,"font":"","enabled":false},"version":2}},"categories":[6],"tags":[],"class_list":["post-649","post","type-post","status-publish","format-standard","has-post-thumbnail","hentry","category-comunicazione"],"jetpack_publicize_connections":[],"jetpack_featured_media_url":"https:\/\/i0.wp.com\/www.federicobindi.org\/wp-content\/uploads\/2019\/03\/immagine.jpeg?fit=1131%2C1600&ssl=1","jetpack_sharing_enabled":true,"jetpack_shortlink":"https:\/\/wp.me\/p5o0KA-at","_links":{"self":[{"href":"https:\/\/www.federicobindi.org\/index.php?rest_route=\/wp\/v2\/posts\/649","targetHints":{"allow":["GET"]}}],"collection":[{"href":"https:\/\/www.federicobindi.org\/index.php?rest_route=\/wp\/v2\/posts"}],"about":[{"href":"https:\/\/www.federicobindi.org\/index.php?rest_route=\/wp\/v2\/types\/post"}],"author":[{"embeddable":true,"href":"https:\/\/www.federicobindi.org\/index.php?rest_route=\/wp\/v2\/users\/8"}],"replies":[{"embeddable":true,"href":"https:\/\/www.federicobindi.org\/index.php?rest_route=%2Fwp%2Fv2%2Fcomments&post=649"}],"version-history":[{"count":5,"href":"https:\/\/www.federicobindi.org\/index.php?rest_route=\/wp\/v2\/posts\/649\/revisions"}],"predecessor-version":[{"id":655,"href":"https:\/\/www.federicobindi.org\/index.php?rest_route=\/wp\/v2\/posts\/649\/revisions\/655"}],"wp:featuredmedia":[{"embeddable":true,"href":"https:\/\/www.federicobindi.org\/index.php?rest_route=\/wp\/v2\/media\/650"}],"wp:attachment":[{"href":"https:\/\/www.federicobindi.org\/index.php?rest_route=%2Fwp%2Fv2%2Fmedia&parent=649"}],"wp:term":[{"taxonomy":"category","embeddable":true,"href":"https:\/\/www.federicobindi.org\/index.php?rest_route=%2Fwp%2Fv2%2Fcategories&post=649"},{"taxonomy":"post_tag","embeddable":true,"href":"https:\/\/www.federicobindi.org\/index.php?rest_route=%2Fwp%2Fv2%2Ftags&post=649"}],"curies":[{"name":"wp","href":"https:\/\/api.w.org\/{rel}","templated":true}]}}