{"id":633,"date":"2018-10-26T10:27:23","date_gmt":"2018-10-26T08:27:23","guid":{"rendered":"http:\/\/www.federicobindi.org\/?p=633"},"modified":"2018-10-26T10:29:48","modified_gmt":"2018-10-26T08:29:48","slug":"orchestra-multietnica-di-arezzo-in-concerto-per-federico-bindi-al-centro-sociale-di-giovi","status":"publish","type":"post","link":"https:\/\/www.federicobindi.org\/?p=633","title":{"rendered":"ORCHESTRA MULTIETNICA DI AREZZO IN CONCERTO PER FEDERICO BINDI AL CENTRO SOCIALE DI GIOVI"},"content":{"rendered":"<p><strong><em>Durante la serata sar\u00e0 possibile partecipare con donazioni al funerale di Dragan<\/em><\/strong><\/p>\n<p>\u00c8 gi\u00e0 al completo la cena che domani sabato 27 ottobre la Fraternit\u00e0 Federico Bindi onlus organizza al centro sociale di Giovi. Ma c\u2019\u00e8 ancora posto per partecipare al concerto che si terr\u00e0 subito dopo: questa volta ad accompagnare la serata sar\u00e0 una delegazione dell\u2019Orchestra Multietnica di Arezzo per cui questo evento ha una valenza tutta speciale; infatti Federico Bindi \u00e8 stato un importante socio di Officine della Cultura (la cooperativa in cui \u00e8 nata e cresciuta l\u2019Oma) e per i suoi 20 anni di attivit\u00e0 le Officine vogliono ricordarlo in questo modo.<\/p>\n<p>La serata, il cui ricavato sar\u00e0 utilizzato per il centro diurno di accoglienza per persone senza fissa dimora, avr\u00e0 questa volta un intreccio di gusti e emozioni toscani e multietnici: da una parte la musica dell\u2019Orchestra che far\u00e0 fare ai presenti un viaggio intorno al mondo visitando culture e tradizioni diverse, dall\u2019altra una cena che far\u00e0 assaporare le usanze della Toscana.<\/p>\n<p>Durante la serata sar\u00e0 possibile partecipare con un\u2019offerta libera alla raccolta fondi per sostenere il funerale di Dragan, senzatetto purtroppo scomparso qualche giorno fa, utente occasionale del centro diurno della Fraternit\u00e0.<\/p>\n<p><a href=\"https:\/\/i0.wp.com\/www.federicobindi.org\/wp-content\/uploads\/2018\/10\/43879068_895305427346414_358361312285163520_n.jpg\"><img data-recalc-dims=\"1\" loading=\"lazy\" decoding=\"async\" data-attachment-id=\"636\" data-permalink=\"https:\/\/www.federicobindi.org\/?attachment_id=636\" data-orig-file=\"https:\/\/i0.wp.com\/www.federicobindi.org\/wp-content\/uploads\/2018\/10\/43879068_895305427346414_358361312285163520_n.jpg?fit=679%2C960&amp;ssl=1\" data-orig-size=\"679,960\" data-comments-opened=\"0\" data-image-meta=\"{&quot;aperture&quot;:&quot;0&quot;,&quot;credit&quot;:&quot;&quot;,&quot;camera&quot;:&quot;&quot;,&quot;caption&quot;:&quot;&quot;,&quot;created_timestamp&quot;:&quot;0&quot;,&quot;copyright&quot;:&quot;&quot;,&quot;focal_length&quot;:&quot;0&quot;,&quot;iso&quot;:&quot;0&quot;,&quot;shutter_speed&quot;:&quot;0&quot;,&quot;title&quot;:&quot;&quot;,&quot;orientation&quot;:&quot;0&quot;}\" data-image-title=\"43879068_895305427346414_358361312285163520_n\" data-image-description=\"\" data-image-caption=\"\" data-large-file=\"https:\/\/i0.wp.com\/www.federicobindi.org\/wp-content\/uploads\/2018\/10\/43879068_895305427346414_358361312285163520_n.jpg?fit=640%2C905&amp;ssl=1\" class=\"aligncenter wp-image-636 size-full\" src=\"https:\/\/i0.wp.com\/www.federicobindi.org\/wp-content\/uploads\/2018\/10\/43879068_895305427346414_358361312285163520_n.jpg?resize=640%2C905\" alt=\"\" width=\"640\" height=\"905\" srcset=\"https:\/\/i0.wp.com\/www.federicobindi.org\/wp-content\/uploads\/2018\/10\/43879068_895305427346414_358361312285163520_n.jpg?w=679&amp;ssl=1 679w, https:\/\/i0.wp.com\/www.federicobindi.org\/wp-content\/uploads\/2018\/10\/43879068_895305427346414_358361312285163520_n.jpg?resize=212%2C300&amp;ssl=1 212w\" sizes=\"auto, (max-width: 640px) 100vw, 640px\" \/><\/a><\/p>\n<p>Appuntamento a Giovi dalle 22 con la musica di OMA.<br \/>\n<a href=\"mailto:fraternita@federicobindi.org\">fraternita@federicobindi.org<\/a><br \/>\n<a href=\"http:\/\/www.federicobindi.org\/\" data-saferedirecturl=\"https:\/\/www.google.com\/url?q=http:\/\/www.federicobindi.org\/&amp;source=gmail&amp;ust=1540628664660000&amp;usg=AFQjCNERAWpiOoB2euQeuOlk9d0PWOXoMw\">www.federicobindi.org<br \/>\n<\/a><\/p>\n","protected":false},"excerpt":{"rendered":"<p>Durante la serata sar\u00e0 possibile partecipare con donazioni al funerale di Dragan \u00c8 gi\u00e0 al completo la cena che domani sabato 27 ottobre la Fraternit\u00e0 Federico Bindi onlus organizza al centro sociale di Giovi. Ma c\u2019\u00e8 ancora posto per partecipare &hellip; <a href=\"https:\/\/www.federicobindi.org\/?p=633\">Continua a leggere<span class=\"meta-nav\">&rarr;<\/span><\/a><\/p>\n","protected":false},"author":8,"featured_media":0,"comment_status":"closed","ping_status":"open","sticky":false,"template":"","format":"standard","meta":{"jetpack_post_was_ever_published":false,"_jetpack_newsletter_access":"","_jetpack_dont_email_post_to_subs":false,"_jetpack_newsletter_tier_id":0,"_jetpack_memberships_contains_paywalled_content":false,"_jetpack_memberships_contains_paid_content":false,"footnotes":"","jetpack_publicize_message":"","jetpack_publicize_feature_enabled":true,"jetpack_social_post_already_shared":true,"jetpack_social_options":{"image_generator_settings":{"template":"highway","default_image_id":0,"font":"","enabled":false},"version":2}},"categories":[12],"tags":[],"class_list":["post-633","post","type-post","status-publish","format-standard","hentry","category-notizie"],"jetpack_publicize_connections":[],"jetpack_featured_media_url":"","jetpack_sharing_enabled":true,"jetpack_shortlink":"https:\/\/wp.me\/p5o0KA-ad","_links":{"self":[{"href":"https:\/\/www.federicobindi.org\/index.php?rest_route=\/wp\/v2\/posts\/633","targetHints":{"allow":["GET"]}}],"collection":[{"href":"https:\/\/www.federicobindi.org\/index.php?rest_route=\/wp\/v2\/posts"}],"about":[{"href":"https:\/\/www.federicobindi.org\/index.php?rest_route=\/wp\/v2\/types\/post"}],"author":[{"embeddable":true,"href":"https:\/\/www.federicobindi.org\/index.php?rest_route=\/wp\/v2\/users\/8"}],"replies":[{"embeddable":true,"href":"https:\/\/www.federicobindi.org\/index.php?rest_route=%2Fwp%2Fv2%2Fcomments&post=633"}],"version-history":[{"count":3,"href":"https:\/\/www.federicobindi.org\/index.php?rest_route=\/wp\/v2\/posts\/633\/revisions"}],"predecessor-version":[{"id":637,"href":"https:\/\/www.federicobindi.org\/index.php?rest_route=\/wp\/v2\/posts\/633\/revisions\/637"}],"wp:attachment":[{"href":"https:\/\/www.federicobindi.org\/index.php?rest_route=%2Fwp%2Fv2%2Fmedia&parent=633"}],"wp:term":[{"taxonomy":"category","embeddable":true,"href":"https:\/\/www.federicobindi.org\/index.php?rest_route=%2Fwp%2Fv2%2Fcategories&post=633"},{"taxonomy":"post_tag","embeddable":true,"href":"https:\/\/www.federicobindi.org\/index.php?rest_route=%2Fwp%2Fv2%2Ftags&post=633"}],"curies":[{"name":"wp","href":"https:\/\/api.w.org\/{rel}","templated":true}]}}